{"id":3020,"date":"2025-11-24T17:57:27","date_gmt":"2025-11-24T15:57:27","guid":{"rendered":"https:\/\/www.fahrschule-friedel-thiele.de\/cms\/?p=3020"},"modified":"2025-11-24T17:57:27","modified_gmt":"2025-11-24T15:57:27","slug":"%e2%80%bc%ef%b8%8f-wichtige-infos-zur-geplanten-fuehrerschein-reform-%e2%80%bc%ef%b8%8f","status":"publish","type":"post","link":"https:\/\/www.fahrschule-friedel-thiele.de\/cms\/?p=3020","title":{"rendered":"&#x203c;&#xfe0f; Wichtige Infos zur geplanten F\u00fchrerschein-Reform &#x203c;&#xfe0f;"},"content":{"rendered":"<h3><img decoding=\"async\" loading=\"lazy\" class=\"alignnone size-full wp-image-3015\" src=\"https:\/\/www.fahrschule-friedel-thiele.de\/cms\/wp-content\/uploads\/2025\/11\/1-scaled.jpg\" alt=\"\" width=\"2048\" height=\"2560\" srcset=\"https:\/\/www.fahrschule-friedel-thiele.de\/cms\/wp-content\/uploads\/2025\/11\/1-scaled.jpg 2048w, https:\/\/www.fahrschule-friedel-thiele.de\/cms\/wp-content\/uploads\/2025\/11\/1-240x300.jpg 240w, https:\/\/www.fahrschule-friedel-thiele.de\/cms\/wp-content\/uploads\/2025\/11\/1-819x1024.jpg 819w, https:\/\/www.fahrschule-friedel-thiele.de\/cms\/wp-content\/uploads\/2025\/11\/1-768x960.jpg 768w, https:\/\/www.fahrschule-friedel-thiele.de\/cms\/wp-content\/uploads\/2025\/11\/1-1229x1536.jpg 1229w, https:\/\/www.fahrschule-friedel-thiele.de\/cms\/wp-content\/uploads\/2025\/11\/1-1638x2048.jpg 1638w, https:\/\/www.fahrschule-friedel-thiele.de\/cms\/wp-content\/uploads\/2025\/11\/1-386x483.jpg 386w, https:\/\/www.fahrschule-friedel-thiele.de\/cms\/wp-content\/uploads\/2025\/11\/1-209x261.jpg 209w, https:\/\/www.fahrschule-friedel-thiele.de\/cms\/wp-content\/uploads\/2025\/11\/1-233x291.jpg 233w\" sizes=\"(max-width: 2048px) 100vw, 2048px\" \/><img decoding=\"async\" loading=\"lazy\" class=\"alignnone size-full wp-image-3016\" src=\"https:\/\/www.fahrschule-friedel-thiele.de\/cms\/wp-content\/uploads\/2025\/11\/2-scaled.jpg\" alt=\"\" width=\"2048\" height=\"2560\" srcset=\"https:\/\/www.fahrschule-friedel-thiele.de\/cms\/wp-content\/uploads\/2025\/11\/2-scaled.jpg 2048w, https:\/\/www.fahrschule-friedel-thiele.de\/cms\/wp-content\/uploads\/2025\/11\/2-240x300.jpg 240w, https:\/\/www.fahrschule-friedel-thiele.de\/cms\/wp-content\/uploads\/2025\/11\/2-819x1024.jpg 819w, https:\/\/www.fahrschule-friedel-thiele.de\/cms\/wp-content\/uploads\/2025\/11\/2-768x960.jpg 768w, https:\/\/www.fahrschule-friedel-thiele.de\/cms\/wp-content\/uploads\/2025\/11\/2-1229x1536.jpg 1229w, https:\/\/www.fahrschule-friedel-thiele.de\/cms\/wp-content\/uploads\/2025\/11\/2-1638x2048.jpg 1638w, https:\/\/www.fahrschule-friedel-thiele.de\/cms\/wp-content\/uploads\/2025\/11\/2-386x483.jpg 386w, https:\/\/www.fahrschule-friedel-thiele.de\/cms\/wp-content\/uploads\/2025\/11\/2-209x261.jpg 209w, https:\/\/www.fahrschule-friedel-thiele.de\/cms\/wp-content\/uploads\/2025\/11\/2-233x291.jpg 233w\" sizes=\"(max-width: 2048px) 100vw, 2048px\" \/><img decoding=\"async\" loading=\"lazy\" class=\"alignnone size-full wp-image-3017\" src=\"https:\/\/www.fahrschule-friedel-thiele.de\/cms\/wp-content\/uploads\/2025\/11\/3-scaled.jpg\" alt=\"\" width=\"2048\" height=\"2560\" srcset=\"https:\/\/www.fahrschule-friedel-thiele.de\/cms\/wp-content\/uploads\/2025\/11\/3-scaled.jpg 2048w, https:\/\/www.fahrschule-friedel-thiele.de\/cms\/wp-content\/uploads\/2025\/11\/3-240x300.jpg 240w, https:\/\/www.fahrschule-friedel-thiele.de\/cms\/wp-content\/uploads\/2025\/11\/3-819x1024.jpg 819w, https:\/\/www.fahrschule-friedel-thiele.de\/cms\/wp-content\/uploads\/2025\/11\/3-768x960.jpg 768w, https:\/\/www.fahrschule-friedel-thiele.de\/cms\/wp-content\/uploads\/2025\/11\/3-1229x1536.jpg 1229w, https:\/\/www.fahrschule-friedel-thiele.de\/cms\/wp-content\/uploads\/2025\/11\/3-1638x2048.jpg 1638w, https:\/\/www.fahrschule-friedel-thiele.de\/cms\/wp-content\/uploads\/2025\/11\/3-386x483.jpg 386w, https:\/\/www.fahrschule-friedel-thiele.de\/cms\/wp-content\/uploads\/2025\/11\/3-209x261.jpg 209w, https:\/\/www.fahrschule-friedel-thiele.de\/cms\/wp-content\/uploads\/2025\/11\/3-233x291.jpg 233w\" sizes=\"(max-width: 2048px) 100vw, 2048px\" \/><img decoding=\"async\" loading=\"lazy\" class=\"alignnone size-full wp-image-3018\" src=\"https:\/\/www.fahrschule-friedel-thiele.de\/cms\/wp-content\/uploads\/2025\/11\/4-scaled.jpg\" alt=\"\" width=\"2048\" height=\"2560\" srcset=\"https:\/\/www.fahrschule-friedel-thiele.de\/cms\/wp-content\/uploads\/2025\/11\/4-scaled.jpg 2048w, https:\/\/www.fahrschule-friedel-thiele.de\/cms\/wp-content\/uploads\/2025\/11\/4-240x300.jpg 240w, https:\/\/www.fahrschule-friedel-thiele.de\/cms\/wp-content\/uploads\/2025\/11\/4-819x1024.jpg 819w, https:\/\/www.fahrschule-friedel-thiele.de\/cms\/wp-content\/uploads\/2025\/11\/4-768x960.jpg 768w, https:\/\/www.fahrschule-friedel-thiele.de\/cms\/wp-content\/uploads\/2025\/11\/4-1229x1536.jpg 1229w, https:\/\/www.fahrschule-friedel-thiele.de\/cms\/wp-content\/uploads\/2025\/11\/4-1638x2048.jpg 1638w, https:\/\/www.fahrschule-friedel-thiele.de\/cms\/wp-content\/uploads\/2025\/11\/4-386x483.jpg 386w, https:\/\/www.fahrschule-friedel-thiele.de\/cms\/wp-content\/uploads\/2025\/11\/4-209x261.jpg 209w, https:\/\/www.fahrschule-friedel-thiele.de\/cms\/wp-content\/uploads\/2025\/11\/4-233x291.jpg 233w\" sizes=\"(max-width: 2048px) 100vw, 2048px\" \/><img decoding=\"async\" loading=\"lazy\" class=\"alignnone size-full wp-image-3019\" src=\"https:\/\/www.fahrschule-friedel-thiele.de\/cms\/wp-content\/uploads\/2025\/11\/5-scaled.jpg\" alt=\"\" width=\"2048\" height=\"2560\" srcset=\"https:\/\/www.fahrschule-friedel-thiele.de\/cms\/wp-content\/uploads\/2025\/11\/5-scaled.jpg 2048w, https:\/\/www.fahrschule-friedel-thiele.de\/cms\/wp-content\/uploads\/2025\/11\/5-240x300.jpg 240w, https:\/\/www.fahrschule-friedel-thiele.de\/cms\/wp-content\/uploads\/2025\/11\/5-819x1024.jpg 819w, https:\/\/www.fahrschule-friedel-thiele.de\/cms\/wp-content\/uploads\/2025\/11\/5-768x960.jpg 768w, https:\/\/www.fahrschule-friedel-thiele.de\/cms\/wp-content\/uploads\/2025\/11\/5-1229x1536.jpg 1229w, https:\/\/www.fahrschule-friedel-thiele.de\/cms\/wp-content\/uploads\/2025\/11\/5-1638x2048.jpg 1638w, https:\/\/www.fahrschule-friedel-thiele.de\/cms\/wp-content\/uploads\/2025\/11\/5-386x483.jpg 386w, https:\/\/www.fahrschule-friedel-thiele.de\/cms\/wp-content\/uploads\/2025\/11\/5-209x261.jpg 209w, https:\/\/www.fahrschule-friedel-thiele.de\/cms\/wp-content\/uploads\/2025\/11\/5-233x291.jpg 233w\" sizes=\"(max-width: 2048px) 100vw, 2048px\" \/><\/h3>\n<h3><\/h3>\n<h3><b>&#x203c;&#xfe0f; Wichtige Infos zur geplanten F\u00fchrerschein-Reform &#x203c;&#xfe0f;<\/b><\/h3>\n<p>&nbsp;<\/p>\n<p class=\"p3\">\u00dcberall liest man gerade: <i>\u201eDer F\u00fchrerschein wird bald einfacher &amp; g\u00fcnstiger!\u201c<\/i> \u2013 aber die Realit\u00e4t sieht ganz anders aus.<\/p>\n<p class=\"p4\"><b>&#x1f449; Die Fakten (Quelle: Bundesvereinigung der Fahrlehrerverb\u00e4nde e.V., Fahrlehrer-Verband Nordrhein e.V., Fahrlehrer-Verband Westfalen e.V.):<\/b><b><\/b><\/p>\n<p class=\"p3\">&#x2714;&#xfe0f; Es gibt <span class=\"s2\"><b>keinen<\/b><\/span> beschlossenen Gesetzesentwurf<\/p>\n<p class=\"p3\">&#x2714;&#xfe0f; Es ist <span class=\"s2\"><b>nicht absehbar<\/b><\/span>, wann \u00fcberhaupt etwas kommen k\u00f6nnte<\/p>\n<p class=\"p3\">&#x2714;&#xfe0f; Vor <span class=\"s2\"><b>Sommer 2026<\/b><\/span> passiert gar nichts<\/p>\n<p class=\"p3\">&#x2714;&#xfe0f; Warten bringt <span class=\"s2\"><b>keine Vorteile<\/b><\/span>, sondern kann eure Ausbildung verz\u00f6gern<\/p>\n<p class=\"p1\">\n<hr \/>\n<h3><\/h3>\n<h3><b>Warum das Warten euch sogar schadet:<\/b><\/h3>\n<p>&nbsp;<\/p>\n<p class=\"p3\">&#x26a0;&#xfe0f; Pr\u00fcfauftr\u00e4ge k\u00f6nnen ablaufen<\/p>\n<p class=\"p3\">&#x26a0;&#xfe0f; Theorie-\/Praxisanmeldungen k\u00f6nnen verfallen<\/p>\n<p class=\"p3\">&#x26a0;&#xfe0f; Unterlagen m\u00fcssen neu beantragt werden<\/p>\n<p class=\"p3\">&#x27a1;&#xfe0f; Bedeutet: Mehr Zeit, mehr Kosten, mehr Stress.<\/p>\n<p class=\"p1\">\n<hr \/>\n<p>&nbsp;<\/p>\n<h3><b>Experten warnen au\u00dferdem (Quelle: MOVING \u2013 International Road Safety Association e.V.):<\/b><\/h3>\n<p>&nbsp;<\/p>\n<p class=\"p3\">\u2022 Ein \u201eBillig-F\u00fchrerschein\u201c k\u00f6nnte <span class=\"s2\"><b>unsicherer<\/b><\/span> werden<\/p>\n<p class=\"p3\">\u2022 Weniger Pr\u00e4senzunterricht = schlechtere Verankerung wichtiger Themen<\/p>\n<p class=\"p3\">\u2022 Junge Fahranf\u00e4nger w\u00e4ren <span class=\"s2\"><b>besonders gef\u00e4hrdet<\/b><b><\/b><\/span><\/p>\n<p class=\"p3\">\u2022 Am Ende k\u00f6nnte der F\u00fchrerschein sogar <span class=\"s2\"><b>teurer<\/b><\/span> werden<\/p>\n<p class=\"p1\">\n<hr \/>\n<p>&nbsp;<\/p>\n<h3><b>Was bedeutet das f\u00fcr euch?<\/b><\/h3>\n<p>&nbsp;<\/p>\n<p class=\"p3\">&#x2705; Eure aktuelle Ausbildung ist sicher<\/p>\n<p class=\"p3\">&#x274c; Warten bringt <span class=\"s2\"><b>null<\/b><\/span> Vorteile<\/p>\n<p class=\"p3\">&#x274c; Ein Abbruch kann euch Monate kosten<\/p>\n<p class=\"p3\">&#x1f4a1; Wer jetzt weitermacht, ist eindeutig auf der sicheren Seite.<\/p>\n<p class=\"p1\">\n<hr \/>\n<p>&nbsp;<\/p>\n<h3><b>Unser Rat:<\/b><\/h3>\n<p>&nbsp;<\/p>\n<p class=\"p4\"><b>Durchziehen \u2013 nicht warten!<\/b><b><\/b><\/p>\n<p class=\"p3\">Startet oder f\u00fchrt eure Ausbildung ganz normal weiter.<\/p>\n<p class=\"p3\">Wir bringen euch sicher und ohne Verz\u00f6gerung zum F\u00fchrerschein. &#x1f697;&#x1f4a8;<\/p>\n","protected":false},"excerpt":{"rendered":"<p>&#x203c;&#xfe0f; Wichtige Infos zur geplanten F\u00fchrerschein-Reform &#x203c;&#xfe0f; &nbsp; \u00dcberall liest man gerade: \u201eDer F\u00fchrerschein wird bald einfacher &amp; g\u00fcnstiger!\u201c \u2013 aber die Realit\u00e4t sieht ganz anders aus. &#x1f449; Die Fakten (Quelle: Bundesvereinigung der Fahrlehrerverb\u00e4nde e.V., Fahrlehrer-Verband Nordrhein e.V., Fahrlehrer-Verband Westfalen e.V.): &#x2714;&#xfe0f; Es gibt keinen beschlossenen Gesetzesentwurf &#x2714;&#xfe0f; Es ist nicht absehbar, wann \u00fcberhaupt etwas [&hellip;]<\/p>\n","protected":false},"author":2,"featured_media":0,"comment_status":"closed","ping_status":"closed","sticky":false,"template":"","format":"standard","meta":{"_uf_show_specific_survey":0,"_uf_disable_surveys":false},"categories":[1],"tags":[],"yoast_head":"<!-- This site is optimized with the Yoast SEO plugin v20.4 - https:\/\/yoast.com\/wordpress\/plugins\/seo\/ -->\n<title>&#x203c;&#xfe0f; Wichtige Infos zur geplanten F\u00fchrerschein-Reform &#x203c;&#xfe0f; - Fahrschule Friedel Thiele<\/title>\n<meta name=\"robots\" content=\"index, follow, max-snippet:-1, max-image-preview:large, max-video-preview:-1\" \/>\n<link rel=\"canonical\" href=\"https:\/\/www.fahrschule-friedel-thiele.de\/cms\/?p=3020\" \/>\n<meta property=\"og:locale\" content=\"de_DE\" \/>\n<meta property=\"og:type\" content=\"article\" \/>\n<meta property=\"og:title\" content=\"&#x203c;&#xfe0f; Wichtige Infos zur geplanten F\u00fchrerschein-Reform &#x203c;&#xfe0f; - Fahrschule Friedel Thiele\" \/>\n<meta property=\"og:description\" content=\"&#x203c;&#xfe0f; Wichtige Infos zur geplanten F\u00fchrerschein-Reform &#x203c;&#xfe0f; &nbsp; \u00dcberall liest man gerade: \u201eDer F\u00fchrerschein wird bald einfacher &amp; g\u00fcnstiger!\u201c \u2013 aber die Realit\u00e4t sieht ganz anders aus. &#x1f449; Die Fakten (Quelle: Bundesvereinigung der Fahrlehrerverb\u00e4nde e.V., Fahrlehrer-Verband Nordrhein e.V., Fahrlehrer-Verband Westfalen e.V.): &#x2714;&#xfe0f; Es gibt keinen beschlossenen Gesetzesentwurf &#x2714;&#xfe0f; Es ist nicht absehbar, wann \u00fcberhaupt etwas [&hellip;]\" \/>\n<meta property=\"og:url\" content=\"https:\/\/www.fahrschule-friedel-thiele.de\/cms\/?p=3020\" \/>\n<meta property=\"og:site_name\" content=\"Fahrschule Friedel Thiele\" \/>\n<meta property=\"article:publisher\" content=\"https:\/\/www.facebook.com\/fahrschulethiele\" \/>\n<meta property=\"article:published_time\" content=\"2025-11-24T15:57:27+00:00\" \/>\n<meta property=\"og:image\" content=\"https:\/\/www.fahrschule-friedel-thiele.de\/cms\/wp-content\/uploads\/2025\/11\/1-scaled.jpg\" \/>\n<meta name=\"author\" content=\"Christian Thiele\" \/>\n<meta name=\"twitter:card\" content=\"summary_large_image\" \/>\n<meta name=\"twitter:label1\" content=\"Verfasst von\" \/>\n\t<meta name=\"twitter:data1\" content=\"Christian Thiele\" \/>\n\t<meta name=\"twitter:label2\" content=\"Gesch\u00e4tzte Lesezeit\" \/>\n\t<meta name=\"twitter:data2\" content=\"3 Minuten\" \/>\n<script type=\"application\/ld+json\" class=\"yoast-schema-graph\">{\"@context\":\"https:\/\/schema.org\",\"@graph\":[{\"@type\":\"Article\",\"@id\":\"https:\/\/www.fahrschule-friedel-thiele.de\/cms\/?p=3020#article\",\"isPartOf\":{\"@id\":\"https:\/\/www.fahrschule-friedel-thiele.de\/cms\/?p=3020\"},\"author\":{\"name\":\"Christian Thiele\",\"@id\":\"https:\/\/www.fahrschule-friedel-thiele.de\/cms\/#\/schema\/person\/66ff4afb19b13d629356915e2d1f86f4\"},\"headline\":\"&#x203c;&#xfe0f; Wichtige Infos zur geplanten F\u00fchrerschein-Reform &#x203c;&#xfe0f;\",\"datePublished\":\"2025-11-24T15:57:27+00:00\",\"dateModified\":\"2025-11-24T15:57:27+00:00\",\"mainEntityOfPage\":{\"@id\":\"https:\/\/www.fahrschule-friedel-thiele.de\/cms\/?p=3020\"},\"wordCount\":276,\"publisher\":{\"@id\":\"https:\/\/www.fahrschule-friedel-thiele.de\/cms\/#organization\"},\"inLanguage\":\"de-DE\"},{\"@type\":\"WebPage\",\"@id\":\"https:\/\/www.fahrschule-friedel-thiele.de\/cms\/?p=3020\",\"url\":\"https:\/\/www.fahrschule-friedel-thiele.de\/cms\/?p=3020\",\"name\":\"&#x203c;&#xfe0f; Wichtige Infos zur geplanten F\u00fchrerschein-Reform &#x203c;&#xfe0f; - Fahrschule Friedel Thiele\",\"isPartOf\":{\"@id\":\"https:\/\/www.fahrschule-friedel-thiele.de\/cms\/#website\"},\"datePublished\":\"2025-11-24T15:57:27+00:00\",\"dateModified\":\"2025-11-24T15:57:27+00:00\",\"breadcrumb\":{\"@id\":\"https:\/\/www.fahrschule-friedel-thiele.de\/cms\/?p=3020#breadcrumb\"},\"inLanguage\":\"de-DE\",\"potentialAction\":[{\"@type\":\"ReadAction\",\"target\":[\"https:\/\/www.fahrschule-friedel-thiele.de\/cms\/?p=3020\"]}]},{\"@type\":\"BreadcrumbList\",\"@id\":\"https:\/\/www.fahrschule-friedel-thiele.de\/cms\/?p=3020#breadcrumb\",\"itemListElement\":[{\"@type\":\"ListItem\",\"position\":1,\"name\":\"Home\",\"item\":\"https:\/\/www.fahrschule-friedel-thiele.de\/cms\/\"},{\"@type\":\"ListItem\",\"position\":2,\"name\":\"&#x203c;&#xfe0f; Wichtige Infos zur geplanten F\u00fchrerschein-Reform &#x203c;&#xfe0f;\"}]},{\"@type\":\"WebSite\",\"@id\":\"https:\/\/www.fahrschule-friedel-thiele.de\/cms\/#website\",\"url\":\"https:\/\/www.fahrschule-friedel-thiele.de\/cms\/\",\"name\":\"Fahrschule Friedel Thiele\",\"description\":\"Schnell und sicher zum F\u00fchrerschein\",\"publisher\":{\"@id\":\"https:\/\/www.fahrschule-friedel-thiele.de\/cms\/#organization\"},\"alternateName\":\"Fahrschule Thiele\",\"potentialAction\":[{\"@type\":\"SearchAction\",\"target\":{\"@type\":\"EntryPoint\",\"urlTemplate\":\"https:\/\/www.fahrschule-friedel-thiele.de\/cms\/?s={search_term_string}\"},\"query-input\":\"required name=search_term_string\"}],\"inLanguage\":\"de-DE\"},{\"@type\":\"Organization\",\"@id\":\"https:\/\/www.fahrschule-friedel-thiele.de\/cms\/#organization\",\"name\":\"Fahrschule Friedel Thiele\",\"alternateName\":\"Fahrschule Thiele\",\"url\":\"https:\/\/www.fahrschule-friedel-thiele.de\/cms\/\",\"logo\":{\"@type\":\"ImageObject\",\"inLanguage\":\"de-DE\",\"@id\":\"https:\/\/www.fahrschule-friedel-thiele.de\/cms\/#\/schema\/logo\/image\/\",\"url\":\"https:\/\/www.fahrschule-friedel-thiele.de\/cms\/wp-content\/uploads\/2024\/07\/Untitled-design1.jpeg\",\"contentUrl\":\"https:\/\/www.fahrschule-friedel-thiele.de\/cms\/wp-content\/uploads\/2024\/07\/Untitled-design1.jpeg\",\"width\":696,\"height\":696,\"caption\":\"Fahrschule Friedel Thiele\"},\"image\":{\"@id\":\"https:\/\/www.fahrschule-friedel-thiele.de\/cms\/#\/schema\/logo\/image\/\"},\"sameAs\":[\"https:\/\/www.facebook.com\/fahrschulethiele\",\"https:\/\/www.instagram.com\/fahrschule_thiele\/\"]},{\"@type\":\"Person\",\"@id\":\"https:\/\/www.fahrschule-friedel-thiele.de\/cms\/#\/schema\/person\/66ff4afb19b13d629356915e2d1f86f4\",\"name\":\"Christian Thiele\",\"sameAs\":[\"http:\/\/www.fahrschule-friedel-thiele.de\"],\"url\":\"https:\/\/www.fahrschule-friedel-thiele.de\/cms\/?author=2\"}]}<\/script>\n<!-- \/ Yoast SEO plugin. -->","yoast_head_json":{"title":"&#x203c;&#xfe0f; Wichtige Infos zur geplanten F\u00fchrerschein-Reform &#x203c;&#xfe0f; - Fahrschule Friedel Thiele","robots":{"index":"index","follow":"follow","max-snippet":"max-snippet:-1","max-image-preview":"max-image-preview:large","max-video-preview":"max-video-preview:-1"},"canonical":"https:\/\/www.fahrschule-friedel-thiele.de\/cms\/?p=3020","og_locale":"de_DE","og_type":"article","og_title":"&#x203c;&#xfe0f; Wichtige Infos zur geplanten F\u00fchrerschein-Reform &#x203c;&#xfe0f; - Fahrschule Friedel Thiele","og_description":"&#x203c;&#xfe0f; Wichtige Infos zur geplanten F\u00fchrerschein-Reform &#x203c;&#xfe0f; &nbsp; \u00dcberall liest man gerade: \u201eDer F\u00fchrerschein wird bald einfacher &amp; g\u00fcnstiger!\u201c \u2013 aber die Realit\u00e4t sieht ganz anders aus. &#x1f449; Die Fakten (Quelle: Bundesvereinigung der Fahrlehrerverb\u00e4nde e.V., Fahrlehrer-Verband Nordrhein e.V., Fahrlehrer-Verband Westfalen e.V.): &#x2714;&#xfe0f; Es gibt keinen beschlossenen Gesetzesentwurf &#x2714;&#xfe0f; Es ist nicht absehbar, wann \u00fcberhaupt etwas [&hellip;]","og_url":"https:\/\/www.fahrschule-friedel-thiele.de\/cms\/?p=3020","og_site_name":"Fahrschule Friedel Thiele","article_publisher":"https:\/\/www.facebook.com\/fahrschulethiele","article_published_time":"2025-11-24T15:57:27+00:00","og_image":[{"url":"https:\/\/www.fahrschule-friedel-thiele.de\/cms\/wp-content\/uploads\/2025\/11\/1-scaled.jpg"}],"author":"Christian Thiele","twitter_card":"summary_large_image","twitter_misc":{"Verfasst von":"Christian Thiele","Gesch\u00e4tzte Lesezeit":"3 Minuten"},"schema":{"@context":"https:\/\/schema.org","@graph":[{"@type":"Article","@id":"https:\/\/www.fahrschule-friedel-thiele.de\/cms\/?p=3020#article","isPartOf":{"@id":"https:\/\/www.fahrschule-friedel-thiele.de\/cms\/?p=3020"},"author":{"name":"Christian Thiele","@id":"https:\/\/www.fahrschule-friedel-thiele.de\/cms\/#\/schema\/person\/66ff4afb19b13d629356915e2d1f86f4"},"headline":"&#x203c;&#xfe0f; Wichtige Infos zur geplanten F\u00fchrerschein-Reform &#x203c;&#xfe0f;","datePublished":"2025-11-24T15:57:27+00:00","dateModified":"2025-11-24T15:57:27+00:00","mainEntityOfPage":{"@id":"https:\/\/www.fahrschule-friedel-thiele.de\/cms\/?p=3020"},"wordCount":276,"publisher":{"@id":"https:\/\/www.fahrschule-friedel-thiele.de\/cms\/#organization"},"inLanguage":"de-DE"},{"@type":"WebPage","@id":"https:\/\/www.fahrschule-friedel-thiele.de\/cms\/?p=3020","url":"https:\/\/www.fahrschule-friedel-thiele.de\/cms\/?p=3020","name":"&#x203c;&#xfe0f; Wichtige Infos zur geplanten F\u00fchrerschein-Reform &#x203c;&#xfe0f; - Fahrschule Friedel Thiele","isPartOf":{"@id":"https:\/\/www.fahrschule-friedel-thiele.de\/cms\/#website"},"datePublished":"2025-11-24T15:57:27+00:00","dateModified":"2025-11-24T15:57:27+00:00","breadcrumb":{"@id":"https:\/\/www.fahrschule-friedel-thiele.de\/cms\/?p=3020#breadcrumb"},"inLanguage":"de-DE","potentialAction":[{"@type":"ReadAction","target":["https:\/\/www.fahrschule-friedel-thiele.de\/cms\/?p=3020"]}]},{"@type":"BreadcrumbList","@id":"https:\/\/www.fahrschule-friedel-thiele.de\/cms\/?p=3020#breadcrumb","itemListElement":[{"@type":"ListItem","position":1,"name":"Home","item":"https:\/\/www.fahrschule-friedel-thiele.de\/cms\/"},{"@type":"ListItem","position":2,"name":"&#x203c;&#xfe0f; Wichtige Infos zur geplanten F\u00fchrerschein-Reform &#x203c;&#xfe0f;"}]},{"@type":"WebSite","@id":"https:\/\/www.fahrschule-friedel-thiele.de\/cms\/#website","url":"https:\/\/www.fahrschule-friedel-thiele.de\/cms\/","name":"Fahrschule Friedel Thiele","description":"Schnell und sicher zum F\u00fchrerschein","publisher":{"@id":"https:\/\/www.fahrschule-friedel-thiele.de\/cms\/#organization"},"alternateName":"Fahrschule Thiele","potentialAction":[{"@type":"SearchAction","target":{"@type":"EntryPoint","urlTemplate":"https:\/\/www.fahrschule-friedel-thiele.de\/cms\/?s={search_term_string}"},"query-input":"required name=search_term_string"}],"inLanguage":"de-DE"},{"@type":"Organization","@id":"https:\/\/www.fahrschule-friedel-thiele.de\/cms\/#organization","name":"Fahrschule Friedel Thiele","alternateName":"Fahrschule Thiele","url":"https:\/\/www.fahrschule-friedel-thiele.de\/cms\/","logo":{"@type":"ImageObject","inLanguage":"de-DE","@id":"https:\/\/www.fahrschule-friedel-thiele.de\/cms\/#\/schema\/logo\/image\/","url":"https:\/\/www.fahrschule-friedel-thiele.de\/cms\/wp-content\/uploads\/2024\/07\/Untitled-design1.jpeg","contentUrl":"https:\/\/www.fahrschule-friedel-thiele.de\/cms\/wp-content\/uploads\/2024\/07\/Untitled-design1.jpeg","width":696,"height":696,"caption":"Fahrschule Friedel Thiele"},"image":{"@id":"https:\/\/www.fahrschule-friedel-thiele.de\/cms\/#\/schema\/logo\/image\/"},"sameAs":["https:\/\/www.facebook.com\/fahrschulethiele","https:\/\/www.instagram.com\/fahrschule_thiele\/"]},{"@type":"Person","@id":"https:\/\/www.fahrschule-friedel-thiele.de\/cms\/#\/schema\/person\/66ff4afb19b13d629356915e2d1f86f4","name":"Christian Thiele","sameAs":["http:\/\/www.fahrschule-friedel-thiele.de"],"url":"https:\/\/www.fahrschule-friedel-thiele.de\/cms\/?author=2"}]}},"_links":{"self":[{"href":"https:\/\/www.fahrschule-friedel-thiele.de\/cms\/index.php?rest_route=\/wp\/v2\/posts\/3020"}],"collection":[{"href":"https:\/\/www.fahrschule-friedel-thiele.de\/cms\/index.php?rest_route=\/wp\/v2\/posts"}],"about":[{"href":"https:\/\/www.fahrschule-friedel-thiele.de\/cms\/index.php?rest_route=\/wp\/v2\/types\/post"}],"author":[{"embeddable":true,"href":"https:\/\/www.fahrschule-friedel-thiele.de\/cms\/index.php?rest_route=\/wp\/v2\/users\/2"}],"replies":[{"embeddable":true,"href":"https:\/\/www.fahrschule-friedel-thiele.de\/cms\/index.php?rest_route=%2Fwp%2Fv2%2Fcomments&post=3020"}],"version-history":[{"count":1,"href":"https:\/\/www.fahrschule-friedel-thiele.de\/cms\/index.php?rest_route=\/wp\/v2\/posts\/3020\/revisions"}],"predecessor-version":[{"id":3021,"href":"https:\/\/www.fahrschule-friedel-thiele.de\/cms\/index.php?rest_route=\/wp\/v2\/posts\/3020\/revisions\/3021"}],"wp:attachment":[{"href":"https:\/\/www.fahrschule-friedel-thiele.de\/cms\/index.php?rest_route=%2Fwp%2Fv2%2Fmedia&parent=3020"}],"wp:term":[{"taxonomy":"category","embeddable":true,"href":"https:\/\/www.fahrschule-friedel-thiele.de\/cms\/index.php?rest_route=%2Fwp%2Fv2%2Fcategories&post=3020"},{"taxonomy":"post_tag","embeddable":true,"href":"https:\/\/www.fahrschule-friedel-thiele.de\/cms\/index.php?rest_route=%2Fwp%2Fv2%2Ftags&post=3020"}],"curies":[{"name":"wp","href":"https:\/\/api.w.org\/{rel}","templated":true}]}}