{"id":3003,"date":"2025-09-18T10:35:07","date_gmt":"2025-09-18T08:35:07","guid":{"rendered":"https:\/\/www.fahrschule-friedel-thiele.de\/cms\/?p=3003"},"modified":"2025-09-18T10:35:07","modified_gmt":"2025-09-18T08:35:07","slug":"40-jahre-fahrschule-friedel-thiele","status":"publish","type":"post","link":"https:\/\/www.fahrschule-friedel-thiele.de\/cms\/?p=3003","title":{"rendered":"40 Jahre Fahrschule Friedel Thiele"},"content":{"rendered":"<div class=\"xdj266r x14z9mp xat24cr x1lziwak x1vvkbs x126k92a\">\n<div dir=\"auto\"><span class=\"html-span xexx8yu xyri2b x18d9i69 x1c1uobl x1hl2dhg x16tdsg8 x1vvkbs x3nfvp2 x1j61x8r x1fcty0u xdj266r xat24cr xm2jcoa x1mpyi22 xxymvpz xlup9mm x1kky2od\"><img decoding=\"async\" loading=\"lazy\" class=\"xz74otr x15mokao x1ga7v0g x16uus16 xbiv7yw\" src=\"https:\/\/static.xx.fbcdn.net\/images\/emoji.php\/v9\/tee\/1\/16\/1f699.png\" alt=\"&#x1f699;\" width=\"16\" height=\"16\" \/><\/span><span class=\"html-span xexx8yu xyri2b x18d9i69 x1c1uobl x1hl2dhg x16tdsg8 x1vvkbs x3nfvp2 x1j61x8r x1fcty0u xdj266r xat24cr xm2jcoa x1mpyi22 xxymvpz xlup9mm x1kky2od\"><img decoding=\"async\" loading=\"lazy\" class=\"xz74otr x15mokao x1ga7v0g x16uus16 xbiv7yw\" src=\"https:\/\/static.xx.fbcdn.net\/images\/emoji.php\/v9\/tf4\/1\/16\/2728.png\" alt=\"&#x2728;\" width=\"16\" height=\"16\" \/><\/span> 40 Jahre Fahrschule Friedel Thiele \u2013 wir sagen DANKE! <span class=\"html-span xexx8yu xyri2b x18d9i69 x1c1uobl x1hl2dhg x16tdsg8 x1vvkbs x3nfvp2 x1j61x8r x1fcty0u xdj266r xat24cr xm2jcoa x1mpyi22 xxymvpz xlup9mm x1kky2od\"><img decoding=\"async\" loading=\"lazy\" class=\"xz74otr x15mokao x1ga7v0g x16uus16 xbiv7yw\" src=\"https:\/\/static.xx.fbcdn.net\/images\/emoji.php\/v9\/tf4\/1\/16\/2728.png\" alt=\"&#x2728;\" width=\"16\" height=\"16\" \/><\/span><span class=\"html-span xexx8yu xyri2b x18d9i69 x1c1uobl x1hl2dhg x16tdsg8 x1vvkbs x3nfvp2 x1j61x8r x1fcty0u xdj266r xat24cr xm2jcoa x1mpyi22 xxymvpz xlup9mm x1kky2od\"><img decoding=\"async\" loading=\"lazy\" class=\"xz74otr x15mokao x1ga7v0g x16uus16 xbiv7yw\" src=\"https:\/\/static.xx.fbcdn.net\/images\/emoji.php\/v9\/tee\/1\/16\/1f699.png\" alt=\"&#x1f699;\" width=\"16\" height=\"16\" \/><\/span><\/div>\n<\/div>\n<div class=\"x14z9mp xat24cr x1lziwak x1vvkbs xtlvy1s x126k92a\">\n<div dir=\"auto\">Am 17. September 1985 startete unsere Reise \u2013 und nun d\u00fcrfen wir gemeinsam mit euch unser 40-j\u00e4hriges Jubil\u00e4um feiern! <span class=\"html-span xexx8yu xyri2b x18d9i69 x1c1uobl x1hl2dhg x16tdsg8 x1vvkbs x3nfvp2 x1j61x8r x1fcty0u xdj266r xat24cr xm2jcoa x1mpyi22 xxymvpz xlup9mm x1kky2od\"><img decoding=\"async\" loading=\"lazy\" class=\"xz74otr x15mokao x1ga7v0g x16uus16 xbiv7yw\" src=\"https:\/\/static.xx.fbcdn.net\/images\/emoji.php\/v9\/t6d\/1\/16\/1f973.png\" alt=\"&#x1f973;\" width=\"16\" height=\"16\" \/><\/span><\/div>\n<\/div>\n<div class=\"x14z9mp xat24cr x1lziwak x1vvkbs xtlvy1s x126k92a\">\n<div dir=\"auto\">Ein riesiges Dankesch\u00f6n geht an unsere treuen Kunden, die uns seit so vielen Jahren ihr Vertrauen schenken <span class=\"html-span xexx8yu xyri2b x18d9i69 x1c1uobl x1hl2dhg x16tdsg8 x1vvkbs x3nfvp2 x1j61x8r x1fcty0u xdj266r xat24cr xm2jcoa x1mpyi22 xxymvpz xlup9mm x1kky2od\"><img decoding=\"async\" loading=\"lazy\" class=\"xz74otr x15mokao x1ga7v0g x16uus16 xbiv7yw\" src=\"https:\/\/static.xx.fbcdn.net\/images\/emoji.php\/v9\/t80\/1\/16\/1f64f.png\" alt=\"&#x1f64f;\" width=\"16\" height=\"16\" \/><\/span><span class=\"html-span xexx8yu xyri2b x18d9i69 x1c1uobl x1hl2dhg x16tdsg8 x1vvkbs x3nfvp2 x1j61x8r x1fcty0u xdj266r xat24cr xm2jcoa x1mpyi22 xxymvpz xlup9mm x1kky2od\"><img decoding=\"async\" loading=\"lazy\" class=\"xz74otr x15mokao x1ga7v0g x16uus16 xbiv7yw\" src=\"https:\/\/static.xx.fbcdn.net\/images\/emoji.php\/v9\/t6c\/1\/16\/1f499.png\" alt=\"&#x1f499;\" width=\"16\" height=\"16\" \/><\/span> Ohne euch w\u00e4re dieser Weg nicht m\u00f6glich gewesen.<\/div>\n<div dir=\"auto\">Ebenso m\u00f6chten wir unseren engagierten Mitarbeiterinnen und Mitarbeitern danken \u2013 ihr seid das Herz unserer Fahrschule. Mit eurer Leidenschaft, Geduld und Professionalit\u00e4t macht ihr jede Fahrstunde zu etwas Besonderem. <span class=\"html-span xexx8yu xyri2b x18d9i69 x1c1uobl x1hl2dhg x16tdsg8 x1vvkbs x3nfvp2 x1j61x8r x1fcty0u xdj266r xat24cr xm2jcoa x1mpyi22 xxymvpz xlup9mm x1kky2od\"><img decoding=\"async\" loading=\"lazy\" class=\"xz74otr x15mokao x1ga7v0g x16uus16 xbiv7yw\" src=\"https:\/\/static.xx.fbcdn.net\/images\/emoji.php\/v9\/t6c\/1\/16\/1f4aa.png\" alt=\"&#x1f4aa;\" width=\"16\" height=\"16\" \/><\/span><span class=\"html-span xexx8yu xyri2b x18d9i69 x1c1uobl x1hl2dhg x16tdsg8 x1vvkbs x3nfvp2 x1j61x8r x1fcty0u xdj266r xat24cr xm2jcoa x1mpyi22 xxymvpz xlup9mm x1kky2od\"><img decoding=\"async\" loading=\"lazy\" class=\"xz74otr x15mokao x1ga7v0g x16uus16 xbiv7yw\" src=\"https:\/\/static.xx.fbcdn.net\/images\/emoji.php\/v9\/t43\/1\/16\/1f6a6.png\" alt=\"&#x1f6a6;\" width=\"16\" height=\"16\" \/><\/span><\/div>\n<\/div>\n<div class=\"x14z9mp xat24cr x1lziwak x1vvkbs xtlvy1s x126k92a\">\n<div dir=\"auto\"><span class=\"html-span xexx8yu xyri2b x18d9i69 x1c1uobl x1hl2dhg x16tdsg8 x1vvkbs x3nfvp2 x1j61x8r x1fcty0u xdj266r xat24cr xm2jcoa x1mpyi22 xxymvpz xlup9mm x1kky2od\"><img decoding=\"async\" loading=\"lazy\" class=\"xz74otr x15mokao x1ga7v0g x16uus16 xbiv7yw\" src=\"https:\/\/static.xx.fbcdn.net\/images\/emoji.php\/v9\/t51\/1\/16\/1f449.png\" alt=\"&#x1f449;\" width=\"16\" height=\"16\" \/><\/span> Unser Jubil\u00e4umsangebot f\u00fcr euch:<\/div>\n<div dir=\"auto\">Alle Anmeldungen vom 17.09.25 \u2013 17.10.25 erhalten das Lehrmaterial im Wert von 100 \u20ac gratis! <span class=\"html-span xexx8yu xyri2b x18d9i69 x1c1uobl x1hl2dhg x16tdsg8 x1vvkbs x3nfvp2 x1j61x8r x1fcty0u xdj266r xat24cr xm2jcoa x1mpyi22 xxymvpz xlup9mm x1kky2od\"><img decoding=\"async\" loading=\"lazy\" class=\"xz74otr x15mokao x1ga7v0g x16uus16 xbiv7yw\" src=\"https:\/\/static.xx.fbcdn.net\/images\/emoji.php\/v9\/t49\/1\/16\/1f4da.png\" alt=\"&#x1f4da;\" width=\"16\" height=\"16\" \/><\/span><span class=\"html-span xexx8yu xyri2b x18d9i69 x1c1uobl x1hl2dhg x16tdsg8 x1vvkbs x3nfvp2 x1j61x8r x1fcty0u xdj266r xat24cr xm2jcoa x1mpyi22 xxymvpz xlup9mm x1kky2od\"><img decoding=\"async\" loading=\"lazy\" class=\"xz74otr x15mokao x1ga7v0g x16uus16 xbiv7yw\" src=\"https:\/\/static.xx.fbcdn.net\/images\/emoji.php\/v9\/t84\/1\/16\/1f381.png\" alt=\"&#x1f381;\" width=\"16\" height=\"16\" \/><\/span><\/div>\n<\/div>\n<div class=\"x14z9mp xat24cr x1lziwak x1vvkbs xtlvy1s x126k92a\">\n<div dir=\"auto\"><span class=\"html-span xexx8yu xyri2b x18d9i69 x1c1uobl x1hl2dhg x16tdsg8 x1vvkbs x3nfvp2 x1j61x8r x1fcty0u xdj266r xat24cr xm2jcoa x1mpyi22 xxymvpz xlup9mm x1kky2od\"><img decoding=\"async\" loading=\"lazy\" class=\"xz74otr x15mokao x1ga7v0g x16uus16 xbiv7yw\" src=\"https:\/\/static.xx.fbcdn.net\/images\/emoji.php\/v9\/tf3\/1\/16\/1f539.png\" alt=\"&#x1f539;\" width=\"16\" height=\"16\" \/><\/span> Gilt f\u00fcr die Klassen: AM, A1, A2, A, B, C1, C\/CE &amp; L\/T<\/div>\n<div dir=\"auto\"><span class=\"html-span xexx8yu xyri2b x18d9i69 x1c1uobl x1hl2dhg x16tdsg8 x1vvkbs x3nfvp2 x1j61x8r x1fcty0u xdj266r xat24cr xm2jcoa x1mpyi22 xxymvpz xlup9mm x1kky2od\"><img decoding=\"async\" loading=\"lazy\" class=\"xz74otr x15mokao x1ga7v0g x16uus16 xbiv7yw\" src=\"https:\/\/static.xx.fbcdn.net\/images\/emoji.php\/v9\/tf3\/1\/16\/1f539.png\" alt=\"&#x1f539;\" width=\"16\" height=\"16\" \/><\/span> Keine Barauszahlung m\u00f6glich<\/div>\n<\/div>\n<div class=\"x14z9mp xat24cr x1lziwak x1vvkbs xtlvy1s x126k92a\">\n<div dir=\"auto\"><span class=\"html-span xexx8yu xyri2b x18d9i69 x1c1uobl x1hl2dhg x16tdsg8 x1vvkbs x3nfvp2 x1j61x8r x1fcty0u xdj266r xat24cr xm2jcoa x1mpyi22 xxymvpz xlup9mm x1kky2od\"><img decoding=\"async\" loading=\"lazy\" class=\"xz74otr x15mokao x1ga7v0g x16uus16 xbiv7yw\" src=\"https:\/\/static.xx.fbcdn.net\/images\/emoji.php\/v9\/t9e\/1\/16\/27a1.png\" alt=\"&#x27a1;&#xfe0f;\" width=\"16\" height=\"16\" \/><\/span> Jetzt online anmelden und direkt profitieren!<\/div>\n<\/div>\n<div class=\"x14z9mp xat24cr x1lziwak x1vvkbs xtlvy1s x126k92a\">\n<div dir=\"auto\">Auf die n\u00e4chsten 40 Jahre voller gemeinsamer Erfolge und sicherer Fahrten! <span class=\"html-span xexx8yu xyri2b x18d9i69 x1c1uobl x1hl2dhg x16tdsg8 x1vvkbs x3nfvp2 x1j61x8r x1fcty0u xdj266r xat24cr xm2jcoa x1mpyi22 xxymvpz xlup9mm x1kky2od\"><img decoding=\"async\" loading=\"lazy\" class=\"xz74otr x15mokao x1ga7v0g x16uus16 xbiv7yw\" src=\"https:\/\/static.xx.fbcdn.net\/images\/emoji.php\/v9\/tf\/1\/16\/1f942.png\" alt=\"&#x1f942;\" width=\"16\" height=\"16\" \/><\/span><span class=\"html-span xexx8yu xyri2b x18d9i69 x1c1uobl x1hl2dhg x16tdsg8 x1vvkbs x3nfvp2 x1j61x8r x1fcty0u xdj266r xat24cr xm2jcoa x1mpyi22 xxymvpz xlup9mm x1kky2od\"><img decoding=\"async\" loading=\"lazy\" class=\"xz74otr x15mokao x1ga7v0g x16uus16 xbiv7yw\" src=\"https:\/\/static.xx.fbcdn.net\/images\/emoji.php\/v9\/tec\/1\/16\/1f697.png\" alt=\"&#x1f697;\" width=\"16\" height=\"16\" \/><\/span><\/div>\n<\/div>\n","protected":false},"excerpt":{"rendered":"<p>40 Jahre Fahrschule Friedel Thiele \u2013 wir sagen DANKE! Am 17. September 1985 startete unsere Reise \u2013 und nun d\u00fcrfen wir gemeinsam mit euch unser 40-j\u00e4hriges Jubil\u00e4um feiern! Ein riesiges Dankesch\u00f6n geht an unsere treuen Kunden, die uns seit so vielen Jahren ihr Vertrauen schenken Ohne euch w\u00e4re dieser Weg nicht m\u00f6glich gewesen. Ebenso m\u00f6chten [&hellip;]<\/p>\n","protected":false},"author":2,"featured_media":3002,"comment_status":"closed","ping_status":"closed","sticky":false,"template":"","format":"standard","meta":{"_uf_show_specific_survey":0,"_uf_disable_surveys":false},"categories":[1],"tags":[],"yoast_head":"<!-- This site is optimized with the Yoast SEO plugin v20.4 - https:\/\/yoast.com\/wordpress\/plugins\/seo\/ -->\n<title>40 Jahre Fahrschule Friedel Thiele - Fahrschule Friedel Thiele<\/title>\n<meta name=\"robots\" content=\"index, follow, max-snippet:-1, max-image-preview:large, max-video-preview:-1\" \/>\n<link rel=\"canonical\" href=\"https:\/\/www.fahrschule-friedel-thiele.de\/cms\/?p=3003\" \/>\n<meta property=\"og:locale\" content=\"de_DE\" \/>\n<meta property=\"og:type\" content=\"article\" \/>\n<meta property=\"og:title\" content=\"40 Jahre Fahrschule Friedel Thiele - Fahrschule Friedel Thiele\" \/>\n<meta property=\"og:description\" content=\"40 Jahre Fahrschule Friedel Thiele \u2013 wir sagen DANKE! Am 17. September 1985 startete unsere Reise \u2013 und nun d\u00fcrfen wir gemeinsam mit euch unser 40-j\u00e4hriges Jubil\u00e4um feiern! Ein riesiges Dankesch\u00f6n geht an unsere treuen Kunden, die uns seit so vielen Jahren ihr Vertrauen schenken Ohne euch w\u00e4re dieser Weg nicht m\u00f6glich gewesen. Ebenso m\u00f6chten [&hellip;]\" \/>\n<meta property=\"og:url\" content=\"https:\/\/www.fahrschule-friedel-thiele.de\/cms\/?p=3003\" \/>\n<meta property=\"og:site_name\" content=\"Fahrschule Friedel Thiele\" \/>\n<meta property=\"article:publisher\" content=\"https:\/\/www.facebook.com\/fahrschulethiele\" \/>\n<meta property=\"article:published_time\" content=\"2025-09-18T08:35:07+00:00\" \/>\n<meta property=\"og:image\" content=\"https:\/\/www.fahrschule-friedel-thiele.de\/cms\/wp-content\/uploads\/2025\/09\/100E-89-x-112-mm-89-x-112-mm-scaled.jpg\" \/>\n\t<meta property=\"og:image:width\" content=\"2034\" \/>\n\t<meta property=\"og:image:height\" content=\"2560\" \/>\n\t<meta property=\"og:image:type\" content=\"image\/jpeg\" \/>\n<meta name=\"author\" content=\"Christian Thiele\" \/>\n<meta name=\"twitter:card\" content=\"summary_large_image\" \/>\n<meta name=\"twitter:label1\" content=\"Verfasst von\" \/>\n\t<meta name=\"twitter:data1\" content=\"Christian Thiele\" \/>\n\t<meta name=\"twitter:label2\" content=\"Gesch\u00e4tzte Lesezeit\" \/>\n\t<meta name=\"twitter:data2\" content=\"5 Minuten\" \/>\n<script type=\"application\/ld+json\" class=\"yoast-schema-graph\">{\"@context\":\"https:\/\/schema.org\",\"@graph\":[{\"@type\":\"Article\",\"@id\":\"https:\/\/www.fahrschule-friedel-thiele.de\/cms\/?p=3003#article\",\"isPartOf\":{\"@id\":\"https:\/\/www.fahrschule-friedel-thiele.de\/cms\/?p=3003\"},\"author\":{\"name\":\"Christian Thiele\",\"@id\":\"https:\/\/www.fahrschule-friedel-thiele.de\/cms\/#\/schema\/person\/66ff4afb19b13d629356915e2d1f86f4\"},\"headline\":\"40 Jahre Fahrschule Friedel Thiele\",\"datePublished\":\"2025-09-18T08:35:07+00:00\",\"dateModified\":\"2025-09-18T08:35:07+00:00\",\"mainEntityOfPage\":{\"@id\":\"https:\/\/www.fahrschule-friedel-thiele.de\/cms\/?p=3003\"},\"wordCount\":141,\"publisher\":{\"@id\":\"https:\/\/www.fahrschule-friedel-thiele.de\/cms\/#organization\"},\"inLanguage\":\"de-DE\"},{\"@type\":\"WebPage\",\"@id\":\"https:\/\/www.fahrschule-friedel-thiele.de\/cms\/?p=3003\",\"url\":\"https:\/\/www.fahrschule-friedel-thiele.de\/cms\/?p=3003\",\"name\":\"40 Jahre Fahrschule Friedel Thiele - Fahrschule Friedel Thiele\",\"isPartOf\":{\"@id\":\"https:\/\/www.fahrschule-friedel-thiele.de\/cms\/#website\"},\"datePublished\":\"2025-09-18T08:35:07+00:00\",\"dateModified\":\"2025-09-18T08:35:07+00:00\",\"breadcrumb\":{\"@id\":\"https:\/\/www.fahrschule-friedel-thiele.de\/cms\/?p=3003#breadcrumb\"},\"inLanguage\":\"de-DE\",\"potentialAction\":[{\"@type\":\"ReadAction\",\"target\":[\"https:\/\/www.fahrschule-friedel-thiele.de\/cms\/?p=3003\"]}]},{\"@type\":\"BreadcrumbList\",\"@id\":\"https:\/\/www.fahrschule-friedel-thiele.de\/cms\/?p=3003#breadcrumb\",\"itemListElement\":[{\"@type\":\"ListItem\",\"position\":1,\"name\":\"Home\",\"item\":\"https:\/\/www.fahrschule-friedel-thiele.de\/cms\/\"},{\"@type\":\"ListItem\",\"position\":2,\"name\":\"40 Jahre Fahrschule Friedel Thiele\"}]},{\"@type\":\"WebSite\",\"@id\":\"https:\/\/www.fahrschule-friedel-thiele.de\/cms\/#website\",\"url\":\"https:\/\/www.fahrschule-friedel-thiele.de\/cms\/\",\"name\":\"Fahrschule Friedel Thiele\",\"description\":\"Schnell und sicher zum F\u00fchrerschein\",\"publisher\":{\"@id\":\"https:\/\/www.fahrschule-friedel-thiele.de\/cms\/#organization\"},\"alternateName\":\"Fahrschule Thiele\",\"potentialAction\":[{\"@type\":\"SearchAction\",\"target\":{\"@type\":\"EntryPoint\",\"urlTemplate\":\"https:\/\/www.fahrschule-friedel-thiele.de\/cms\/?s={search_term_string}\"},\"query-input\":\"required name=search_term_string\"}],\"inLanguage\":\"de-DE\"},{\"@type\":\"Organization\",\"@id\":\"https:\/\/www.fahrschule-friedel-thiele.de\/cms\/#organization\",\"name\":\"Fahrschule Friedel Thiele\",\"alternateName\":\"Fahrschule Thiele\",\"url\":\"https:\/\/www.fahrschule-friedel-thiele.de\/cms\/\",\"logo\":{\"@type\":\"ImageObject\",\"inLanguage\":\"de-DE\",\"@id\":\"https:\/\/www.fahrschule-friedel-thiele.de\/cms\/#\/schema\/logo\/image\/\",\"url\":\"https:\/\/www.fahrschule-friedel-thiele.de\/cms\/wp-content\/uploads\/2024\/07\/Untitled-design1.jpeg\",\"contentUrl\":\"https:\/\/www.fahrschule-friedel-thiele.de\/cms\/wp-content\/uploads\/2024\/07\/Untitled-design1.jpeg\",\"width\":696,\"height\":696,\"caption\":\"Fahrschule Friedel Thiele\"},\"image\":{\"@id\":\"https:\/\/www.fahrschule-friedel-thiele.de\/cms\/#\/schema\/logo\/image\/\"},\"sameAs\":[\"https:\/\/www.facebook.com\/fahrschulethiele\",\"https:\/\/www.instagram.com\/fahrschule_thiele\/\"]},{\"@type\":\"Person\",\"@id\":\"https:\/\/www.fahrschule-friedel-thiele.de\/cms\/#\/schema\/person\/66ff4afb19b13d629356915e2d1f86f4\",\"name\":\"Christian Thiele\",\"sameAs\":[\"http:\/\/www.fahrschule-friedel-thiele.de\"],\"url\":\"https:\/\/www.fahrschule-friedel-thiele.de\/cms\/?author=2\"}]}<\/script>\n<!-- \/ Yoast SEO plugin. -->","yoast_head_json":{"title":"40 Jahre Fahrschule Friedel Thiele - Fahrschule Friedel Thiele","robots":{"index":"index","follow":"follow","max-snippet":"max-snippet:-1","max-image-preview":"max-image-preview:large","max-video-preview":"max-video-preview:-1"},"canonical":"https:\/\/www.fahrschule-friedel-thiele.de\/cms\/?p=3003","og_locale":"de_DE","og_type":"article","og_title":"40 Jahre Fahrschule Friedel Thiele - Fahrschule Friedel Thiele","og_description":"40 Jahre Fahrschule Friedel Thiele \u2013 wir sagen DANKE! Am 17. September 1985 startete unsere Reise \u2013 und nun d\u00fcrfen wir gemeinsam mit euch unser 40-j\u00e4hriges Jubil\u00e4um feiern! Ein riesiges Dankesch\u00f6n geht an unsere treuen Kunden, die uns seit so vielen Jahren ihr Vertrauen schenken Ohne euch w\u00e4re dieser Weg nicht m\u00f6glich gewesen. Ebenso m\u00f6chten [&hellip;]","og_url":"https:\/\/www.fahrschule-friedel-thiele.de\/cms\/?p=3003","og_site_name":"Fahrschule Friedel Thiele","article_publisher":"https:\/\/www.facebook.com\/fahrschulethiele","article_published_time":"2025-09-18T08:35:07+00:00","og_image":[{"width":2034,"height":2560,"url":"https:\/\/www.fahrschule-friedel-thiele.de\/cms\/wp-content\/uploads\/2025\/09\/100E-89-x-112-mm-89-x-112-mm-scaled.jpg","type":"image\/jpeg"}],"author":"Christian Thiele","twitter_card":"summary_large_image","twitter_misc":{"Verfasst von":"Christian Thiele","Gesch\u00e4tzte Lesezeit":"5 Minuten"},"schema":{"@context":"https:\/\/schema.org","@graph":[{"@type":"Article","@id":"https:\/\/www.fahrschule-friedel-thiele.de\/cms\/?p=3003#article","isPartOf":{"@id":"https:\/\/www.fahrschule-friedel-thiele.de\/cms\/?p=3003"},"author":{"name":"Christian Thiele","@id":"https:\/\/www.fahrschule-friedel-thiele.de\/cms\/#\/schema\/person\/66ff4afb19b13d629356915e2d1f86f4"},"headline":"40 Jahre Fahrschule Friedel Thiele","datePublished":"2025-09-18T08:35:07+00:00","dateModified":"2025-09-18T08:35:07+00:00","mainEntityOfPage":{"@id":"https:\/\/www.fahrschule-friedel-thiele.de\/cms\/?p=3003"},"wordCount":141,"publisher":{"@id":"https:\/\/www.fahrschule-friedel-thiele.de\/cms\/#organization"},"inLanguage":"de-DE"},{"@type":"WebPage","@id":"https:\/\/www.fahrschule-friedel-thiele.de\/cms\/?p=3003","url":"https:\/\/www.fahrschule-friedel-thiele.de\/cms\/?p=3003","name":"40 Jahre Fahrschule Friedel Thiele - Fahrschule Friedel Thiele","isPartOf":{"@id":"https:\/\/www.fahrschule-friedel-thiele.de\/cms\/#website"},"datePublished":"2025-09-18T08:35:07+00:00","dateModified":"2025-09-18T08:35:07+00:00","breadcrumb":{"@id":"https:\/\/www.fahrschule-friedel-thiele.de\/cms\/?p=3003#breadcrumb"},"inLanguage":"de-DE","potentialAction":[{"@type":"ReadAction","target":["https:\/\/www.fahrschule-friedel-thiele.de\/cms\/?p=3003"]}]},{"@type":"BreadcrumbList","@id":"https:\/\/www.fahrschule-friedel-thiele.de\/cms\/?p=3003#breadcrumb","itemListElement":[{"@type":"ListItem","position":1,"name":"Home","item":"https:\/\/www.fahrschule-friedel-thiele.de\/cms\/"},{"@type":"ListItem","position":2,"name":"40 Jahre Fahrschule Friedel Thiele"}]},{"@type":"WebSite","@id":"https:\/\/www.fahrschule-friedel-thiele.de\/cms\/#website","url":"https:\/\/www.fahrschule-friedel-thiele.de\/cms\/","name":"Fahrschule Friedel Thiele","description":"Schnell und sicher zum F\u00fchrerschein","publisher":{"@id":"https:\/\/www.fahrschule-friedel-thiele.de\/cms\/#organization"},"alternateName":"Fahrschule Thiele","potentialAction":[{"@type":"SearchAction","target":{"@type":"EntryPoint","urlTemplate":"https:\/\/www.fahrschule-friedel-thiele.de\/cms\/?s={search_term_string}"},"query-input":"required name=search_term_string"}],"inLanguage":"de-DE"},{"@type":"Organization","@id":"https:\/\/www.fahrschule-friedel-thiele.de\/cms\/#organization","name":"Fahrschule Friedel Thiele","alternateName":"Fahrschule Thiele","url":"https:\/\/www.fahrschule-friedel-thiele.de\/cms\/","logo":{"@type":"ImageObject","inLanguage":"de-DE","@id":"https:\/\/www.fahrschule-friedel-thiele.de\/cms\/#\/schema\/logo\/image\/","url":"https:\/\/www.fahrschule-friedel-thiele.de\/cms\/wp-content\/uploads\/2024\/07\/Untitled-design1.jpeg","contentUrl":"https:\/\/www.fahrschule-friedel-thiele.de\/cms\/wp-content\/uploads\/2024\/07\/Untitled-design1.jpeg","width":696,"height":696,"caption":"Fahrschule Friedel Thiele"},"image":{"@id":"https:\/\/www.fahrschule-friedel-thiele.de\/cms\/#\/schema\/logo\/image\/"},"sameAs":["https:\/\/www.facebook.com\/fahrschulethiele","https:\/\/www.instagram.com\/fahrschule_thiele\/"]},{"@type":"Person","@id":"https:\/\/www.fahrschule-friedel-thiele.de\/cms\/#\/schema\/person\/66ff4afb19b13d629356915e2d1f86f4","name":"Christian Thiele","sameAs":["http:\/\/www.fahrschule-friedel-thiele.de"],"url":"https:\/\/www.fahrschule-friedel-thiele.de\/cms\/?author=2"}]}},"_links":{"self":[{"href":"https:\/\/www.fahrschule-friedel-thiele.de\/cms\/index.php?rest_route=\/wp\/v2\/posts\/3003"}],"collection":[{"href":"https:\/\/www.fahrschule-friedel-thiele.de\/cms\/index.php?rest_route=\/wp\/v2\/posts"}],"about":[{"href":"https:\/\/www.fahrschule-friedel-thiele.de\/cms\/index.php?rest_route=\/wp\/v2\/types\/post"}],"author":[{"embeddable":true,"href":"https:\/\/www.fahrschule-friedel-thiele.de\/cms\/index.php?rest_route=\/wp\/v2\/users\/2"}],"replies":[{"embeddable":true,"href":"https:\/\/www.fahrschule-friedel-thiele.de\/cms\/index.php?rest_route=%2Fwp%2Fv2%2Fcomments&post=3003"}],"version-history":[{"count":1,"href":"https:\/\/www.fahrschule-friedel-thiele.de\/cms\/index.php?rest_route=\/wp\/v2\/posts\/3003\/revisions"}],"predecessor-version":[{"id":3004,"href":"https:\/\/www.fahrschule-friedel-thiele.de\/cms\/index.php?rest_route=\/wp\/v2\/posts\/3003\/revisions\/3004"}],"wp:featuredmedia":[{"embeddable":true,"href":"https:\/\/www.fahrschule-friedel-thiele.de\/cms\/index.php?rest_route=\/wp\/v2\/media\/3002"}],"wp:attachment":[{"href":"https:\/\/www.fahrschule-friedel-thiele.de\/cms\/index.php?rest_route=%2Fwp%2Fv2%2Fmedia&parent=3003"}],"wp:term":[{"taxonomy":"category","embeddable":true,"href":"https:\/\/www.fahrschule-friedel-thiele.de\/cms\/index.php?rest_route=%2Fwp%2Fv2%2Fcategories&post=3003"},{"taxonomy":"post_tag","embeddable":true,"href":"https:\/\/www.fahrschule-friedel-thiele.de\/cms\/index.php?rest_route=%2Fwp%2Fv2%2Ftags&post=3003"}],"curies":[{"name":"wp","href":"https:\/\/api.w.org\/{rel}","templated":true}]}}